{"id":1856,"date":"2022-06-06T09:17:02","date_gmt":"2022-06-06T09:17:02","guid":{"rendered":"https:\/\/metathesis.pt\/?p=1856"},"modified":"2022-09-12T14:20:39","modified_gmt":"2022-09-12T14:20:39","slug":"arquitetura-paisagistica-jardins-mediterranicos","status":"publish","type":"post","link":"https:\/\/metathesis.pt\/?p=1856&lang=pt","title":{"rendered":"Jardins mediterr\u00e2nicos e a sua import\u00e2ncia para a arquitetura sustent\u00e1vel"},"content":{"rendered":"\t\t<div data-elementor-type=\"wp-post\" data-elementor-id=\"1856\" class=\"elementor elementor-1856\">\n\t\t\t\t\t\t<section class=\"elementor-section elementor-top-section elementor-element elementor-element-287bb8c6 elementor-section-content-middle elementor-section-stretched elementor-section-boxed elementor-section-height-default elementor-section-height-default\" data-id=\"287bb8c6\" data-element_type=\"section\" data-settings=\"{&quot;stretch_section&quot;:&quot;section-stretched&quot;,&quot;background_background&quot;:&quot;classic&quot;}\">\n\t\t\t\t\t\t<div class=\"elementor-container elementor-column-gap-no\">\n\t\t\t\t\t<div class=\"elementor-column elementor-col-100 elementor-top-column elementor-element elementor-element-5e0104d3\" data-id=\"5e0104d3\" data-element_type=\"column\">\n\t\t\t<div class=\"elementor-widget-wrap elementor-element-populated\">\n\t\t\t\t\t\t<div class=\"elementor-element elementor-element-3589b61 elementor-widget elementor-widget-text-editor\" data-id=\"3589b61\" data-element_type=\"widget\" data-widget_type=\"text-editor.default\">\n\t\t\t\t\t\t\t\t\t<p><b>#ArquiteturaPaisag\u00edstica<\/b><\/p>\t\t\t\t\t\t\t\t<\/div>\n\t\t\t\t<div class=\"elementor-element elementor-element-0c14127 elementor-widget elementor-widget-heading\" data-id=\"0c14127\" data-element_type=\"widget\" data-widget_type=\"heading.default\">\n\t\t\t\t\t<h1 class=\"elementor-heading-title elementor-size-default\">Arquitetura paisag\u00edstica- a import\u00e2ncia dos jardins mediterr\u00e2nicos<\/h1>\t\t\t\t<\/div>\n\t\t\t\t<div class=\"elementor-element elementor-element-98dacdd elementor-widget elementor-widget-text-editor\" data-id=\"98dacdd\" data-element_type=\"widget\" data-widget_type=\"text-editor.default\">\n\t\t\t\t\t\t\t\t\t<p>Torna-se cada vez mais f\u00e1cil encontrar exemplos incr\u00edveis de projetos de arquitetura paisag\u00edstica sustent\u00e1vel, que se baseiam em\u00a0<span style=\"font-size: 16px; font-style: normal; font-weight: 400;\">jardins mediterr\u00e2nicos<\/span><span style=\"font-size: 16px;\">. O motivo \u00e9 simples: t\u00eam um caracter ecol\u00f3gico, necessitam de pouca manuten\u00e7\u00e3o e \u00e1gua e d\u00e3o um charme especial \u00e0 constru\u00e7\u00e3o.<\/span><\/p>\t\t\t\t\t\t\t\t<\/div>\n\t\t\t\t<div class=\"elementor-element elementor-element-49b2ae53 elementor-widget elementor-widget-text-editor\" data-id=\"49b2ae53\" data-element_type=\"widget\" data-widget_type=\"text-editor.default\">\n\t\t\t\t\t\t\t\t\t<p>08\/06\/2022<\/p>\t\t\t\t\t\t\t\t<\/div>\n\t\t\t\t<div class=\"elementor-element elementor-element-b7a59f7 elementor-widget elementor-widget-image\" data-id=\"b7a59f7\" data-element_type=\"widget\" data-widget_type=\"image.default\">\n\t\t\t\t\t\t\t\t\t\t\t\t\t\t\t<img decoding=\"async\" src=\"https:\/\/metathesis.pt\/wp-content\/uploads\/2022\/06\/garden-two-levels-with-wooden-shed-fruit-tree-scaled.jpg\" title=\"arquitetura-paisagistica-jardins-mediterranicos\" alt=\"arquitetura paisag\u00edstica\" loading=\"lazy\" \/>\t\t\t\t\t\t\t\t\t\t\t\t\t\t\t<\/div>\n\t\t\t\t<div class=\"elementor-element elementor-element-a517109 elementor-widget elementor-widget-heading\" data-id=\"a517109\" data-element_type=\"widget\" data-widget_type=\"heading.default\">\n\t\t\t\t\t<h2 class=\"elementor-heading-title elementor-size-default\">Jardins Mediterr\u00e2nicos \u2013 o que s\u00e3o e qual a sua import\u00e2ncia na arquitetura paisag\u00edstica?<\/h2>\t\t\t\t<\/div>\n\t\t\t\t<div class=\"elementor-element elementor-element-5a1405c elementor-widget elementor-widget-text-editor\" data-id=\"5a1405c\" data-element_type=\"widget\" data-widget_type=\"text-editor.default\">\n\t\t\t\t\t\t\t\t\t<p>Para al\u00e9m da sua beleza, a\u00a0<b>arquitetura paisag\u00edstica sustent\u00e1vel<\/b> demonstra uma <b>grande preocupa\u00e7\u00e3o, com a intera\u00e7\u00e3o entre as edifica\u00e7\u00f5es e o meio ambiente<\/b>, tendo como objetivo <b>reduzir o impacto provocado pela constru\u00e7\u00e3o civil<\/b>.<\/p><p>\u00c9 neste contexto que os jardins mediterr\u00e2nicos assumem especial import\u00e2ncia, pois <b>s\u00e3o os que melhor se adequam \u00e0 ideia de jardim sustent\u00e1vel<\/b>, tendo em conta o nosso clima e a nossa localiza\u00e7\u00e3o geogr\u00e1fica.<\/p><p>Os pa\u00edses junto ao Mar Mediterr\u00e2nico, como Portugal, Espanha, sul da Fran\u00e7a, It\u00e1lia e Gr\u00e9cia,\u00a0 t\u00eam um<span style=\"font-size: 16px; font-style: normal; font-weight: 400;\">\u00a0clima temperado, com invernos suaves e chuvosos e ver\u00f5es quentes e secos.<\/span><\/p><p>Os jardins mediterr\u00e2nicos s\u00e3o <b>compostos por esp\u00e9cies que vivem em simbiose com o nosso clima.<\/b>\u00a0<\/p><p>Estas esp\u00e9cies fazem parte do nosso patrim\u00f3nio hist\u00f3rico e natural, em que nasceu e se desenvolveu a cultura europeia (especialmente no sul da Europa).<\/p><p>Para al\u00e9m disso, por v\u00e1rias raz\u00f5es de car\u00e1cter ecol\u00f3gico, s\u00e3o efetivamente os <b>mais sustent\u00e1veis. Otimizam<\/b><b>\u00a0os recursos h\u00eddricos e energ\u00e9ticos<\/b>, pois necessitam de <b>pouca manuten\u00e7\u00e3o<\/b> e <b>pouca \u00e1gua<\/b>.<\/p><p>Este \u00e9 um conceito explorado e colocado em pr\u00e1tica pelo pai da arquitetura paisagista em Portugal, Gon\u00e7alo Ribeiro Telles, que foi abra\u00e7ado pela Metathesis em v\u00e1rios projetos de arquitetura por n\u00f3s desenvolvidos.<\/p>\t\t\t\t\t\t\t\t<\/div>\n\t\t\t\t\t<\/div>\n\t\t<\/div>\n\t\t\t\t\t<\/div>\n\t\t<\/section>\n\t\t\t\t<section class=\"elementor-section elementor-top-section elementor-element elementor-element-3cee534 elementor-section-stretched elementor-section-boxed elementor-section-height-default elementor-section-height-default\" data-id=\"3cee534\" data-element_type=\"section\" data-settings=\"{&quot;stretch_section&quot;:&quot;section-stretched&quot;,&quot;background_background&quot;:&quot;classic&quot;}\">\n\t\t\t\t\t\t<div class=\"elementor-container elementor-column-gap-default\">\n\t\t\t\t\t<div class=\"elementor-column elementor-col-100 elementor-top-column elementor-element elementor-element-a5f8db1\" data-id=\"a5f8db1\" data-element_type=\"column\">\n\t\t\t<div class=\"elementor-widget-wrap elementor-element-populated\">\n\t\t\t\t\t\t<div class=\"elementor-element elementor-element-0e64f8c elementor-widget elementor-widget-heading\" data-id=\"0e64f8c\" data-element_type=\"widget\" data-widget_type=\"heading.default\">\n\t\t\t\t\t<h3 class=\"elementor-heading-title elementor-size-default\">Planear um jardim mediterr\u00e2nico...<\/h3>\t\t\t\t<\/div>\n\t\t\t\t<div class=\"elementor-element elementor-element-262d60e elementor-widget elementor-widget-text-editor\" data-id=\"262d60e\" data-element_type=\"widget\" data-widget_type=\"text-editor.default\">\n\t\t\t\t\t\t\t\t\t<p>Planear um jardim mediterr\u00e2nico pode ser desafiante.<\/p><p>Em primeiro lugar, dever\u00e1 ter em considera\u00e7\u00e3o algumas quest\u00f5es b\u00e1sicas, como por exemplo: exposi\u00e7\u00e3o solar, exist\u00eancia de clareiras ou zonas de sombra,\u00a0 \u00e1reas secas ou h\u00famidas, inclina\u00e7\u00e3o do terreno e ventos predominantes.<\/p><p>Em segundo lugar, deve analisar a disposi\u00e7\u00e3o das plantas ou \u00e1rvores, para que fiquem no s\u00edtio mais aconselhado \u00e0 sua biologia.<\/p><p>O planeamento do seu jardim \u00e9 bastante importante, para tirar o melhor partido destes espa\u00e7os t\u00e3o especiais.<\/p>\t\t\t\t\t\t\t\t<\/div>\n\t\t\t\t\t<\/div>\n\t\t<\/div>\n\t\t\t\t\t<\/div>\n\t\t<\/section>\n\t\t\t\t<section class=\"elementor-section elementor-top-section elementor-element elementor-element-eec82c9 elementor-section-content-middle elementor-section-stretched elementor-section-boxed elementor-section-height-default elementor-section-height-default\" data-id=\"eec82c9\" data-element_type=\"section\" data-settings=\"{&quot;stretch_section&quot;:&quot;section-stretched&quot;,&quot;background_background&quot;:&quot;classic&quot;}\">\n\t\t\t\t\t\t<div class=\"elementor-container elementor-column-gap-no\">\n\t\t\t\t\t<div class=\"elementor-column elementor-col-100 elementor-top-column elementor-element elementor-element-9b2f0ff\" data-id=\"9b2f0ff\" data-element_type=\"column\">\n\t\t\t<div class=\"elementor-widget-wrap elementor-element-populated\">\n\t\t\t\t\t\t<div class=\"elementor-element elementor-element-1b43cf6 elementor-widget elementor-widget-heading\" data-id=\"1b43cf6\" data-element_type=\"widget\" data-widget_type=\"heading.default\">\n\t\t\t\t\t<h4 class=\"elementor-heading-title elementor-size-default\">Influ\u00eancias dos jardins mediterr\u00e2nicos e plantas utilizadas<\/h4>\t\t\t\t<\/div>\n\t\t\t\t<div class=\"elementor-element elementor-element-a26e019 elementor-widget elementor-widget-text-editor\" data-id=\"a26e019\" data-element_type=\"widget\" data-widget_type=\"text-editor.default\">\n\t\t\t\t\t\t\t\t\t<p>Tons terracota, vasos de barro e <b>combina\u00e7\u00e3o de diferentes plantas<\/b>, caracterizam a identidade dos jardins Mediterr\u00e2nicos.<\/p><p>A <b>grande quantidade de luz<\/b>, a escolha de <b>materiais mais puros<\/b> e o <b>acabamento quase inexistente<\/b>,\u00a0<span style=\"font-size: 16px; font-style: normal; font-weight: 400;\">marcam a arquitetura e decora\u00e7\u00e3o do estilo mediterr\u00e2nico<\/span><span style=\"font-size: 16px;\">.<\/span><\/p><p><span style=\"font-size: 16px;\">\u00a0As cores que mais nos rementem para o universo mediterr\u00e2neo s\u00e3o o branco da cal, o castanho terracota e o azul.\u00a0<\/span><\/p><p><span style=\"font-size: 16px;\">Os materiais como a madeira, a pedra e o metal t\u00eam um papel de destaque.\u00a0<\/span><\/p><p>Quanto \u00e0s plantas utilizadas, as mais recorrentes s\u00e3o:<\/p>\t\t\t\t\t\t\t\t<\/div>\n\t\t\t\t<div class=\"elementor-element elementor-element-8b67ca4 elementor-widget elementor-widget-spacer\" data-id=\"8b67ca4\" data-element_type=\"widget\" data-widget_type=\"spacer.default\">\n\t\t\t\t\t\t\t<div class=\"elementor-spacer\">\n\t\t\t<div class=\"elementor-spacer-inner\"><\/div>\n\t\t<\/div>\n\t\t\t\t\t\t<\/div>\n\t\t\t\t\t<\/div>\n\t\t<\/div>\n\t\t\t\t\t<\/div>\n\t\t<\/section>\n\t\t\t\t<section data-pa-eq-height=\"{&quot;targetType&quot;:&quot;widget&quot;,&quot;target&quot;:&quot;&quot;,&quot;trigger&quot;:&quot;load&quot;,&quot;enableOn&quot;:[&quot;desktop&quot;,&quot;tablet&quot;,&quot;mobile&quot;]}\" class=\"elementor-section elementor-top-section elementor-element elementor-element-c54375d elementor-section-stretched premium-equal-height-yes elementor-section-boxed elementor-section-height-default elementor-section-height-default\" data-id=\"c54375d\" data-element_type=\"section\" data-settings=\"{&quot;stretch_section&quot;:&quot;section-stretched&quot;,&quot;background_background&quot;:&quot;classic&quot;,&quot;premium_eq_height_switcher&quot;:&quot;yes&quot;}\">\n\t\t\t\t\t\t<div class=\"elementor-container elementor-column-gap-default\">\n\t\t\t\t\t<div class=\"elementor-column elementor-col-33 elementor-top-column elementor-element elementor-element-2224d72\" data-id=\"2224d72\" data-element_type=\"column\" data-settings=\"{&quot;background_background&quot;:&quot;classic&quot;}\">\n\t\t\t<div class=\"elementor-widget-wrap elementor-element-populated\">\n\t\t\t\t\t\t<div class=\"elementor-element elementor-element-2191a2a elementor-widget elementor-widget-text-editor\" data-id=\"2191a2a\" data-element_type=\"widget\" data-widget_type=\"text-editor.default\">\n\t\t\t\t\t\t\t\t\t<p>Arbustos e \u00c1rvores ornamentais<\/p>\t\t\t\t\t\t\t\t<\/div>\n\t\t\t\t<div class=\"elementor-element elementor-element-0dc02e1 elementor-widget elementor-widget-text-editor\" data-id=\"0dc02e1\" data-element_type=\"widget\" data-widget_type=\"text-editor.default\">\n\t\t\t\t\t\t\t\t\t<p>Os arbustos e as \u00e1rvores ornamentais precisam de, no m\u00ednimo, uma rega semanal, sobretudo no Ver\u00e3o. Mas crescem bem em solos calc\u00e1rios, t\u00edpicos desta regi\u00e3o e t\u00eam um forte impacto decorativo.<\/p>\t\t\t\t\t\t\t\t<\/div>\n\t\t\t\t<div class=\"elementor-element elementor-element-c041dd2 elementor-widget elementor-widget-spacer\" data-id=\"c041dd2\" data-element_type=\"widget\" data-widget_type=\"spacer.default\">\n\t\t\t\t\t\t\t<div class=\"elementor-spacer\">\n\t\t\t<div class=\"elementor-spacer-inner\"><\/div>\n\t\t<\/div>\n\t\t\t\t\t\t<\/div>\n\t\t\t\t<div class=\"elementor-element elementor-element-a601de2 elementor-widget elementor-widget-image\" data-id=\"a601de2\" data-element_type=\"widget\" data-widget_type=\"image.default\">\n\t\t\t\t\t\t\t\t\t\t\t\t\t\t\t<img fetchpriority=\"high\" decoding=\"async\" width=\"1024\" height=\"683\" src=\"https:\/\/metathesis.pt\/wp-content\/uploads\/2022\/06\/Sem-titulo-1_Prancheta-1-02-1024x683.png\" class=\"attachment-large size-large wp-image-1935\" alt=\"jardins mediterr\u00e2nicos - arvores ornamentais\" srcset=\"https:\/\/metathesis.pt\/wp-content\/uploads\/2022\/06\/Sem-titulo-1_Prancheta-1-02-1024x683.png 1024w, https:\/\/metathesis.pt\/wp-content\/uploads\/2022\/06\/Sem-titulo-1_Prancheta-1-02-300x200.png 300w, https:\/\/metathesis.pt\/wp-content\/uploads\/2022\/06\/Sem-titulo-1_Prancheta-1-02-768x512.png 768w, https:\/\/metathesis.pt\/wp-content\/uploads\/2022\/06\/Sem-titulo-1_Prancheta-1-02-1536x1025.png 1536w, https:\/\/metathesis.pt\/wp-content\/uploads\/2022\/06\/Sem-titulo-1_Prancheta-1-02-2048x1366.png 2048w\" sizes=\"(max-width: 1024px) 100vw, 1024px\" \/>\t\t\t\t\t\t\t\t\t\t\t\t\t\t\t<\/div>\n\t\t\t\t<div class=\"elementor-element elementor-element-2ac4d89 elementor-widget elementor-widget-text-editor\" data-id=\"2ac4d89\" data-element_type=\"widget\" data-widget_type=\"text-editor.default\">\n\t\t\t\t\t\t\t\t\t<p>Exemplos de \u00e1rvore: Mimosa, \u00e1rvore de seda, cercis (\u00e1rvore do amor) e cerejeira ornamental \/ Exemplos de arbustos: Buxo e murta<\/p>\t\t\t\t\t\t\t\t<\/div>\n\t\t\t\t\t<\/div>\n\t\t<\/div>\n\t\t\t\t<div class=\"elementor-column elementor-col-33 elementor-top-column elementor-element elementor-element-9260987\" data-id=\"9260987\" data-element_type=\"column\" data-settings=\"{&quot;background_background&quot;:&quot;classic&quot;}\">\n\t\t\t<div class=\"elementor-widget-wrap elementor-element-populated\">\n\t\t\t\t\t\t<div class=\"elementor-element elementor-element-9807e13 elementor-widget elementor-widget-text-editor\" data-id=\"9807e13\" data-element_type=\"widget\" data-widget_type=\"text-editor.default\">\n\t\t\t\t\t\t\t\t\t<p>\u00c1rvores de fruto<\/p>\t\t\t\t\t\t\t\t<\/div>\n\t\t\t\t<div class=\"elementor-element elementor-element-b5eee17 elementor-widget elementor-widget-text-editor\" data-id=\"b5eee17\" data-element_type=\"widget\" data-widget_type=\"text-editor.default\">\n\t\t\t\t\t\t\t\t\t<p>Existem algumas \u00e1rvores de fruto que resistem bem aos per\u00edodos de seca, e que, por esse motivo, coadunam muito bem em jardins mediterr\u00e2nicos, mesmo durante o Ver\u00e3o.<\/p>\t\t\t\t\t\t\t\t<\/div>\n\t\t\t\t<div class=\"elementor-element elementor-element-a412164 elementor-widget elementor-widget-spacer\" data-id=\"a412164\" data-element_type=\"widget\" data-widget_type=\"spacer.default\">\n\t\t\t\t\t\t\t<div class=\"elementor-spacer\">\n\t\t\t<div class=\"elementor-spacer-inner\"><\/div>\n\t\t<\/div>\n\t\t\t\t\t\t<\/div>\n\t\t\t\t<div class=\"elementor-element elementor-element-9aa8756 elementor-widget elementor-widget-image\" data-id=\"9aa8756\" data-element_type=\"widget\" data-widget_type=\"image.default\">\n\t\t\t\t\t\t\t\t\t\t\t\t\t\t\t<img decoding=\"async\" width=\"1024\" height=\"683\" src=\"https:\/\/metathesis.pt\/wp-content\/uploads\/2022\/06\/Sem-titulo-1_Prancheta-1-01-1024x683.png\" class=\"attachment-large size-large wp-image-1936\" alt=\"paisag\u00edstica jardins mediterr\u00e2nicos - arvores de fruto\" srcset=\"https:\/\/metathesis.pt\/wp-content\/uploads\/2022\/06\/Sem-titulo-1_Prancheta-1-01-1024x683.png 1024w, https:\/\/metathesis.pt\/wp-content\/uploads\/2022\/06\/Sem-titulo-1_Prancheta-1-01-300x200.png 300w, https:\/\/metathesis.pt\/wp-content\/uploads\/2022\/06\/Sem-titulo-1_Prancheta-1-01-768x512.png 768w, https:\/\/metathesis.pt\/wp-content\/uploads\/2022\/06\/Sem-titulo-1_Prancheta-1-01-1536x1025.png 1536w, https:\/\/metathesis.pt\/wp-content\/uploads\/2022\/06\/Sem-titulo-1_Prancheta-1-01-2048x1366.png 2048w\" sizes=\"(max-width: 1024px) 100vw, 1024px\" \/>\t\t\t\t\t\t\t\t\t\t\t\t\t\t\t<\/div>\n\t\t\t\t<div class=\"elementor-element elementor-element-01de26b elementor-widget elementor-widget-text-editor\" data-id=\"01de26b\" data-element_type=\"widget\" data-widget_type=\"text-editor.default\">\n\t\t\t\t\t\t\t\t\t<p>Exemplos: Oliveira, Macieira, Figueira, Romaneira e Amendoeira<\/p>\t\t\t\t\t\t\t\t<\/div>\n\t\t\t\t\t<\/div>\n\t\t<\/div>\n\t\t\t\t<div class=\"elementor-column elementor-col-33 elementor-top-column elementor-element elementor-element-1cebdf3\" data-id=\"1cebdf3\" data-element_type=\"column\" data-settings=\"{&quot;background_background&quot;:&quot;classic&quot;}\">\n\t\t\t<div class=\"elementor-widget-wrap elementor-element-populated\">\n\t\t\t\t\t\t<div class=\"elementor-element elementor-element-25f17cf elementor-widget elementor-widget-text-editor\" data-id=\"25f17cf\" data-element_type=\"widget\" data-widget_type=\"text-editor.default\">\n\t\t\t\t\t\t\t\t\t<p>Trepadeiras<\/p>\t\t\t\t\t\t\t\t<\/div>\n\t\t\t\t<div class=\"elementor-element elementor-element-3cbe2a0 elementor-widget elementor-widget-text-editor\" data-id=\"3cbe2a0\" data-element_type=\"widget\" data-widget_type=\"text-editor.default\">\n\t\t\t\t\t\t\t\t\t<p>As trepadeiras d\u00e3o uma nova vida ao seu jardim, especialmente as que produzem flores de cores vivas.\u00a0<\/p>\t\t\t\t\t\t\t\t<\/div>\n\t\t\t\t<div class=\"elementor-element elementor-element-ac03fd9 elementor-widget elementor-widget-spacer\" data-id=\"ac03fd9\" data-element_type=\"widget\" data-widget_type=\"spacer.default\">\n\t\t\t\t\t\t\t<div class=\"elementor-spacer\">\n\t\t\t<div class=\"elementor-spacer-inner\"><\/div>\n\t\t<\/div>\n\t\t\t\t\t\t<\/div>\n\t\t\t\t<div class=\"elementor-element elementor-element-fccf91c elementor-widget elementor-widget-image\" data-id=\"fccf91c\" data-element_type=\"widget\" data-widget_type=\"image.default\">\n\t\t\t\t\t\t\t\t\t\t\t\t\t\t\t<img decoding=\"async\" width=\"1024\" height=\"683\" src=\"https:\/\/metathesis.pt\/wp-content\/uploads\/2022\/06\/Sem-titulo-1_Prancheta-1-04-1024x683.png\" class=\"attachment-large size-large wp-image-1937\" alt=\"paisag\u00edstica jardins mediterr\u00e2nicos - arbustos\" srcset=\"https:\/\/metathesis.pt\/wp-content\/uploads\/2022\/06\/Sem-titulo-1_Prancheta-1-04-1024x683.png 1024w, https:\/\/metathesis.pt\/wp-content\/uploads\/2022\/06\/Sem-titulo-1_Prancheta-1-04-300x200.png 300w, https:\/\/metathesis.pt\/wp-content\/uploads\/2022\/06\/Sem-titulo-1_Prancheta-1-04-768x512.png 768w, https:\/\/metathesis.pt\/wp-content\/uploads\/2022\/06\/Sem-titulo-1_Prancheta-1-04-1536x1025.png 1536w, https:\/\/metathesis.pt\/wp-content\/uploads\/2022\/06\/Sem-titulo-1_Prancheta-1-04-2048x1366.png 2048w\" sizes=\"(max-width: 1024px) 100vw, 1024px\" \/>\t\t\t\t\t\t\t\t\t\t\t\t\t\t\t<\/div>\n\t\t\t\t<div class=\"elementor-element elementor-element-a31b86c elementor-widget elementor-widget-text-editor\" data-id=\"a31b86c\" data-element_type=\"widget\" data-widget_type=\"text-editor.default\">\n\t\t\t\t\t\t\t\t\t<p>Exemplos: Jasmim, glic\u00ednia e\u00a0 plumbago.<\/p>\t\t\t\t\t\t\t\t<\/div>\n\t\t\t\t\t<\/div>\n\t\t<\/div>\n\t\t\t\t\t<\/div>\n\t\t<\/section>\n\t\t\t\t<section class=\"elementor-section elementor-top-section elementor-element elementor-element-3ea498f elementor-section-stretched elementor-section-boxed elementor-section-height-default elementor-section-height-default\" data-id=\"3ea498f\" data-element_type=\"section\" data-settings=\"{&quot;stretch_section&quot;:&quot;section-stretched&quot;,&quot;background_background&quot;:&quot;classic&quot;}\">\n\t\t\t\t\t\t<div class=\"elementor-container elementor-column-gap-default\">\n\t\t\t\t\t<div class=\"elementor-column elementor-col-100 elementor-top-column elementor-element elementor-element-f7e0ca7\" data-id=\"f7e0ca7\" data-element_type=\"column\">\n\t\t\t<div class=\"elementor-widget-wrap elementor-element-populated\">\n\t\t\t\t\t\t<div class=\"elementor-element elementor-element-e12f7a5 elementor-widget-divider--view-line elementor-widget elementor-widget-divider\" data-id=\"e12f7a5\" data-element_type=\"widget\" data-widget_type=\"divider.default\">\n\t\t\t\t\t\t\t<div class=\"elementor-divider\">\n\t\t\t<span class=\"elementor-divider-separator\">\n\t\t\t\t\t\t<\/span>\n\t\t<\/div>\n\t\t\t\t\t\t<\/div>\n\t\t\t\t\t<\/div>\n\t\t<\/div>\n\t\t\t\t\t<\/div>\n\t\t<\/section>\n\t\t\t\t<section data-pa-eq-height=\"{&quot;targetType&quot;:&quot;widget&quot;,&quot;target&quot;:&quot;&quot;,&quot;trigger&quot;:&quot;load&quot;,&quot;enableOn&quot;:[&quot;desktop&quot;,&quot;tablet&quot;,&quot;mobile&quot;]}\" class=\"elementor-section elementor-top-section elementor-element elementor-element-1e29275 elementor-section-stretched premium-equal-height-yes elementor-section-boxed elementor-section-height-default elementor-section-height-default\" data-id=\"1e29275\" data-element_type=\"section\" data-settings=\"{&quot;stretch_section&quot;:&quot;section-stretched&quot;,&quot;background_background&quot;:&quot;classic&quot;,&quot;premium_eq_height_switcher&quot;:&quot;yes&quot;}\">\n\t\t\t\t\t\t<div class=\"elementor-container elementor-column-gap-default\">\n\t\t\t\t\t<div class=\"elementor-column elementor-col-33 elementor-top-column elementor-element elementor-element-cdc4ad7\" data-id=\"cdc4ad7\" data-element_type=\"column\" data-settings=\"{&quot;background_background&quot;:&quot;classic&quot;}\">\n\t\t\t<div class=\"elementor-widget-wrap elementor-element-populated\">\n\t\t\t\t\t\t<div class=\"elementor-element elementor-element-163d178 elementor-widget elementor-widget-text-editor\" data-id=\"163d178\" data-element_type=\"widget\" data-widget_type=\"text-editor.default\">\n\t\t\t\t\t\t\t\t\t<p>Flores<\/p>\t\t\t\t\t\t\t\t<\/div>\n\t\t\t\t<div class=\"elementor-element elementor-element-693b696 elementor-widget elementor-widget-text-editor\" data-id=\"693b696\" data-element_type=\"widget\" data-widget_type=\"text-editor.default\">\n\t\t\t\t\t\t\t\t\t<p>A cor das flores \u00e9 essencial para dar vida a qualquer jardim e os mediterr\u00e2nicos n\u00e3o s\u00e3o excep\u00e7\u00e3o.\u00a0<\/p>\t\t\t\t\t\t\t\t<\/div>\n\t\t\t\t<div class=\"elementor-element elementor-element-204113e elementor-widget elementor-widget-spacer\" data-id=\"204113e\" data-element_type=\"widget\" data-widget_type=\"spacer.default\">\n\t\t\t\t\t\t\t<div class=\"elementor-spacer\">\n\t\t\t<div class=\"elementor-spacer-inner\"><\/div>\n\t\t<\/div>\n\t\t\t\t\t\t<\/div>\n\t\t\t\t<div class=\"elementor-element elementor-element-8e867cb elementor-widget elementor-widget-image\" data-id=\"8e867cb\" data-element_type=\"widget\" data-widget_type=\"image.default\">\n\t\t\t\t\t\t\t\t\t\t\t\t\t\t\t<img loading=\"lazy\" decoding=\"async\" width=\"1024\" height=\"683\" src=\"https:\/\/metathesis.pt\/wp-content\/uploads\/2022\/06\/Sem-titulo-1_Prancheta-1-03-1024x683.png\" class=\"attachment-large size-large wp-image-1938\" alt=\"jardins mediterr\u00e2nicos - flores\" srcset=\"https:\/\/metathesis.pt\/wp-content\/uploads\/2022\/06\/Sem-titulo-1_Prancheta-1-03-1024x683.png 1024w, https:\/\/metathesis.pt\/wp-content\/uploads\/2022\/06\/Sem-titulo-1_Prancheta-1-03-300x200.png 300w, https:\/\/metathesis.pt\/wp-content\/uploads\/2022\/06\/Sem-titulo-1_Prancheta-1-03-768x512.png 768w, https:\/\/metathesis.pt\/wp-content\/uploads\/2022\/06\/Sem-titulo-1_Prancheta-1-03-1536x1025.png 1536w, https:\/\/metathesis.pt\/wp-content\/uploads\/2022\/06\/Sem-titulo-1_Prancheta-1-03-2048x1366.png 2048w\" sizes=\"(max-width: 1024px) 100vw, 1024px\" \/>\t\t\t\t\t\t\t\t\t\t\t\t\t\t\t<\/div>\n\t\t\t\t<div class=\"elementor-element elementor-element-599ad0d elementor-widget elementor-widget-text-editor\" data-id=\"599ad0d\" data-element_type=\"widget\" data-widget_type=\"text-editor.default\">\n\t\t\t\t\t\t\t\t\t<p>Exemplos: Rosas, margaridas amarelas, hibisco sir\u00edaco, funcho do mar e ger\u00e2nios.<\/p>\t\t\t\t\t\t\t\t<\/div>\n\t\t\t\t<div class=\"elementor-element elementor-element-290d4dd elementor-widget elementor-widget-spacer\" data-id=\"290d4dd\" data-element_type=\"widget\" data-widget_type=\"spacer.default\">\n\t\t\t\t\t\t\t<div class=\"elementor-spacer\">\n\t\t\t<div class=\"elementor-spacer-inner\"><\/div>\n\t\t<\/div>\n\t\t\t\t\t\t<\/div>\n\t\t\t\t\t<\/div>\n\t\t<\/div>\n\t\t\t\t<div class=\"elementor-column elementor-col-33 elementor-top-column elementor-element elementor-element-3d8b29d\" data-id=\"3d8b29d\" data-element_type=\"column\" data-settings=\"{&quot;background_background&quot;:&quot;classic&quot;}\">\n\t\t\t<div class=\"elementor-widget-wrap elementor-element-populated\">\n\t\t\t\t\t\t<div class=\"elementor-element elementor-element-bceecfb elementor-widget elementor-widget-text-editor\" data-id=\"bceecfb\" data-element_type=\"widget\" data-widget_type=\"text-editor.default\">\n\t\t\t\t\t\t\t\t\t<p>Plantas arom\u00e1ticas<\/p>\t\t\t\t\t\t\t\t<\/div>\n\t\t\t\t<div class=\"elementor-element elementor-element-6e1d2bd elementor-widget elementor-widget-text-editor\" data-id=\"6e1d2bd\" data-element_type=\"widget\" data-widget_type=\"text-editor.default\">\n\t\t\t\t\t\t\t\t\t<p>Para al\u00e9m de muito f\u00e1ceis de cultivar, as ervas arom\u00e1ticas s\u00e3o f\u00e1ceis de manter e conferem um aroma \u00fanico ao seu jardim.<\/p>\t\t\t\t\t\t\t\t<\/div>\n\t\t\t\t<div class=\"elementor-element elementor-element-27d8748 elementor-widget elementor-widget-spacer\" data-id=\"27d8748\" data-element_type=\"widget\" data-widget_type=\"spacer.default\">\n\t\t\t\t\t\t\t<div class=\"elementor-spacer\">\n\t\t\t<div class=\"elementor-spacer-inner\"><\/div>\n\t\t<\/div>\n\t\t\t\t\t\t<\/div>\n\t\t\t\t<div class=\"elementor-element elementor-element-c570c04 elementor-widget elementor-widget-image\" data-id=\"c570c04\" data-element_type=\"widget\" data-widget_type=\"image.default\">\n\t\t\t\t\t\t\t\t\t\t\t\t\t\t\t<img loading=\"lazy\" decoding=\"async\" width=\"1024\" height=\"683\" src=\"https:\/\/metathesis.pt\/wp-content\/uploads\/2022\/06\/Sem-titulo-1_Prancheta-1-05-1-1024x683.png\" class=\"attachment-large size-large wp-image-1983\" alt=\"jardins mediterr\u00e2nicos - plantas arom\u00e1ticas\" srcset=\"https:\/\/metathesis.pt\/wp-content\/uploads\/2022\/06\/Sem-titulo-1_Prancheta-1-05-1-1024x683.png 1024w, https:\/\/metathesis.pt\/wp-content\/uploads\/2022\/06\/Sem-titulo-1_Prancheta-1-05-1-300x200.png 300w, https:\/\/metathesis.pt\/wp-content\/uploads\/2022\/06\/Sem-titulo-1_Prancheta-1-05-1-768x512.png 768w, https:\/\/metathesis.pt\/wp-content\/uploads\/2022\/06\/Sem-titulo-1_Prancheta-1-05-1-1536x1024.png 1536w, https:\/\/metathesis.pt\/wp-content\/uploads\/2022\/06\/Sem-titulo-1_Prancheta-1-05-1-2048x1366.png 2048w\" sizes=\"(max-width: 1024px) 100vw, 1024px\" \/>\t\t\t\t\t\t\t\t\t\t\t\t\t\t\t<\/div>\n\t\t\t\t<div class=\"elementor-element elementor-element-68a75a4 elementor-widget elementor-widget-text-editor\" data-id=\"68a75a4\" data-element_type=\"widget\" data-widget_type=\"text-editor.default\">\n\t\t\t\t\t\t\t\t\t<p>Exemplos: Alfazema, or\u00e9g\u00e3os, rosmaninho, tomilho, manjeric\u00e3o,\u00a0 alecrim e hortel\u00e3.<\/p>\t\t\t\t\t\t\t\t<\/div>\n\t\t\t\t\t<\/div>\n\t\t<\/div>\n\t\t\t\t<div class=\"elementor-column elementor-col-33 elementor-top-column elementor-element elementor-element-fa4a7ca\" data-id=\"fa4a7ca\" data-element_type=\"column\" data-settings=\"{&quot;background_background&quot;:&quot;classic&quot;}\">\n\t\t\t<div class=\"elementor-widget-wrap elementor-element-populated\">\n\t\t\t\t\t\t<div class=\"elementor-element elementor-element-2972657 elementor-widget elementor-widget-text-editor\" data-id=\"2972657\" data-element_type=\"widget\" data-widget_type=\"text-editor.default\">\n\t\t\t\t\t\t\t\t\t<p>Suculentas<\/p>\t\t\t\t\t\t\t\t<\/div>\n\t\t\t\t<div class=\"elementor-element elementor-element-292dd5f elementor-widget elementor-widget-text-editor\" data-id=\"292dd5f\" data-element_type=\"widget\" data-widget_type=\"text-editor.default\">\n\t\t\t\t\t\t\t\t\t<p>Com diferentes morfologias e tonalidades, as suculentas s\u00e3o uma \u00f3tima forma de trazer vida e cor ao seu jardim.<\/p>\t\t\t\t\t\t\t\t<\/div>\n\t\t\t\t<div class=\"elementor-element elementor-element-82c12a5 elementor-widget elementor-widget-spacer\" data-id=\"82c12a5\" data-element_type=\"widget\" data-widget_type=\"spacer.default\">\n\t\t\t\t\t\t\t<div class=\"elementor-spacer\">\n\t\t\t<div class=\"elementor-spacer-inner\"><\/div>\n\t\t<\/div>\n\t\t\t\t\t\t<\/div>\n\t\t\t\t<div class=\"elementor-element elementor-element-39c230f elementor-widget elementor-widget-image\" data-id=\"39c230f\" data-element_type=\"widget\" data-widget_type=\"image.default\">\n\t\t\t\t\t\t\t\t\t\t\t\t\t\t\t<img loading=\"lazy\" decoding=\"async\" width=\"1024\" height=\"683\" src=\"https:\/\/metathesis.pt\/wp-content\/uploads\/2022\/06\/Sem-titulo-1_Prancheta-1-06-1024x683.png\" class=\"attachment-large size-large wp-image-1940\" alt=\"arquitetura sustent\u00e1vel jardins mediterr\u00e2nicos - suculentas\" srcset=\"https:\/\/metathesis.pt\/wp-content\/uploads\/2022\/06\/Sem-titulo-1_Prancheta-1-06-1024x683.png 1024w, https:\/\/metathesis.pt\/wp-content\/uploads\/2022\/06\/Sem-titulo-1_Prancheta-1-06-300x200.png 300w, https:\/\/metathesis.pt\/wp-content\/uploads\/2022\/06\/Sem-titulo-1_Prancheta-1-06-768x512.png 768w, https:\/\/metathesis.pt\/wp-content\/uploads\/2022\/06\/Sem-titulo-1_Prancheta-1-06-1536x1025.png 1536w, https:\/\/metathesis.pt\/wp-content\/uploads\/2022\/06\/Sem-titulo-1_Prancheta-1-06-2048x1366.png 2048w\" sizes=\"(max-width: 1024px) 100vw, 1024px\" \/>\t\t\t\t\t\t\t\t\t\t\t\t\t\t\t<\/div>\n\t\t\t\t<div class=\"elementor-element elementor-element-d165d70 elementor-widget elementor-widget-text-editor\" data-id=\"d165d70\" data-element_type=\"widget\" data-widget_type=\"text-editor.default\">\n\t\t\t\t\t\t\t\t\t<p>Exemplos: Aloe vera, sedum, agave e aptenia.<\/p>\t\t\t\t\t\t\t\t<\/div>\n\t\t\t\t\t<\/div>\n\t\t<\/div>\n\t\t\t\t\t<\/div>\n\t\t<\/section>\n\t\t\t\t<section class=\"elementor-section elementor-top-section elementor-element elementor-element-a35bfe5 elementor-section-stretched elementor-section-boxed elementor-section-height-default elementor-section-height-default\" data-id=\"a35bfe5\" data-element_type=\"section\" data-settings=\"{&quot;stretch_section&quot;:&quot;section-stretched&quot;,&quot;background_background&quot;:&quot;classic&quot;}\">\n\t\t\t\t\t\t<div class=\"elementor-container elementor-column-gap-default\">\n\t\t\t\t\t<div class=\"elementor-column elementor-col-100 elementor-top-column elementor-element elementor-element-03ca91d\" data-id=\"03ca91d\" data-element_type=\"column\">\n\t\t\t<div class=\"elementor-widget-wrap elementor-element-populated\">\n\t\t\t\t\t\t<div class=\"elementor-element elementor-element-8db5025 elementor-widget elementor-widget-heading\" data-id=\"8db5025\" data-element_type=\"widget\" data-widget_type=\"heading.default\">\n\t\t\t\t\t<h5 class=\"elementor-heading-title elementor-size-default\">A In\u00eas Jardim \u00e9 a arquiteta paisag\u00edstica <br>respons\u00e1vel pelos projetos Metathesis<\/h5>\t\t\t\t<\/div>\n\t\t\t\t\t<\/div>\n\t\t<\/div>\n\t\t\t\t\t<\/div>\n\t\t<\/section>\n\t\t\t\t<section data-pa-eq-height=\"{&quot;targetType&quot;:&quot;widget&quot;,&quot;target&quot;:&quot;&quot;,&quot;trigger&quot;:&quot;load&quot;,&quot;enableOn&quot;:[&quot;desktop&quot;,&quot;tablet&quot;,&quot;mobile&quot;]}\" class=\"elementor-section elementor-top-section elementor-element elementor-element-44a1d32 elementor-section-stretched premium-equal-height-yes elementor-section-boxed elementor-section-height-default elementor-section-height-default\" data-id=\"44a1d32\" data-element_type=\"section\" data-settings=\"{&quot;stretch_section&quot;:&quot;section-stretched&quot;,&quot;background_background&quot;:&quot;classic&quot;,&quot;premium_eq_height_switcher&quot;:&quot;yes&quot;}\">\n\t\t\t\t\t\t<div class=\"elementor-container elementor-column-gap-default\">\n\t\t\t\t\t<div class=\"elementor-column elementor-col-33 elementor-top-column elementor-element elementor-element-ad0e8b0\" data-id=\"ad0e8b0\" data-element_type=\"column\" data-settings=\"{&quot;background_background&quot;:&quot;classic&quot;}\">\n\t\t\t<div class=\"elementor-widget-wrap elementor-element-populated\">\n\t\t\t\t\t\t<div class=\"elementor-element elementor-element-e81cd76 elementor-widget elementor-widget-image\" data-id=\"e81cd76\" data-element_type=\"widget\" data-widget_type=\"image.default\">\n\t\t\t\t\t\t\t\t\t\t\t\t\t\t\t<img decoding=\"async\" src=\"https:\/\/metathesis.pt\/wp-content\/uploads\/elementor\/thumbs\/artigo2-ai-07-qplhyy3uejdaqi1tewvhbaef5vjngw7vdpipme7zto.png\" title=\"artigo2-ai-07\" alt=\"arquitetura sustent\u00e1vel jardins mediterr\u00e2nicos - arquiteta paisagistica\" loading=\"lazy\" \/>\t\t\t\t\t\t\t\t\t\t\t\t\t\t\t<\/div>\n\t\t\t\t<div class=\"elementor-element elementor-element-8d72ce5 elementor-widget elementor-widget-spacer\" data-id=\"8d72ce5\" data-element_type=\"widget\" data-widget_type=\"spacer.default\">\n\t\t\t\t\t\t\t<div class=\"elementor-spacer\">\n\t\t\t<div class=\"elementor-spacer-inner\"><\/div>\n\t\t<\/div>\n\t\t\t\t\t\t<\/div>\n\t\t\t\t\t<\/div>\n\t\t<\/div>\n\t\t\t\t<div class=\"elementor-column elementor-col-66 elementor-top-column elementor-element elementor-element-1a9387b\" data-id=\"1a9387b\" data-element_type=\"column\" data-settings=\"{&quot;background_background&quot;:&quot;classic&quot;}\">\n\t\t\t<div class=\"elementor-widget-wrap elementor-element-populated\">\n\t\t\t\t\t\t<div class=\"elementor-element elementor-element-cda7057 elementor-widget elementor-widget-text-editor\" data-id=\"cda7057\" data-element_type=\"widget\" data-widget_type=\"text-editor.default\">\n\t\t\t\t\t\t\t\t\t<p>Os\u00a0<span style=\"color: #c8070a;\"><a style=\"color: #c8070a;\" href=\"https:\/\/metathesis.pt\/projetos\/\" target=\"_blank\" rel=\"noopener\">projetos Metathesis<\/a><\/span>\u00a0t\u00eam assinatura da Arquiteta In\u00eas Jardim, uma figura incontorn\u00e1vel na integra\u00e7\u00e3o paisag\u00edstica em Almada. O seu percurso n\u00e3o deixa margens para d\u00favidas.<\/p><p>Licenciada pelo Instituto Superior de Agronomia, em Lisboa, estagiou na Direc\u00e7\u00e3o Geral dos\u00a0Edif\u00edcios e Monumentos Nacionais, onde permaneceu durante tr\u00eas anos na \u00e1rea do patrim\u00f3nio paisag\u00edstico portugu\u00eas.<\/p><p>Especializou-se em Jardins Hist\u00f3ricos e Paisagens Culturais na\u00a0 Escuela T\u00e9cnica Superior de Arquitectura de Madrid e concluiu o Mestrado em Recupera\u00e7\u00e3o e Constru\u00e7\u00e3o do Patrim\u00f3nio Constru\u00eddo, no Instituto Superior T\u00e9cnico, em Lisboa.<\/p><p>\u00c9 s\u00f3cia\u00a0n\u00ba 660\u00a0da\u00a0Associa\u00e7\u00e3o Portuguesa dos Arquitectos Paisagistas\u00a0 (APAP), desde 2005 tendo sido\u00a0membro da Direc\u00e7\u00e3o\u00a0(2012\/2014).<\/p><p>A\u00a0recupera\u00e7\u00e3o de jardins\u00a0\u00e9 um dos seus principais focos.\u00a0\u00c9 s\u00f3cia fundadora\u00a0\u00a0da\u00a0Associa\u00e7\u00e3o Portuguesa dos Jardins Hist\u00f3ricos\u00a0\u00a0(2003), da qual\u00a0foi membro da Direc\u00e7\u00e3o durante seis anos e\u00a0permanece\u00a0 no Conselho Consultivo. Integrou tamb\u00e9m a\u00a0Comiss\u00e3o Nacional da Reserva Ecol\u00f3gica Nacional\u00a0(2013\/2015).\u00a0<\/p>\t\t\t\t\t\t\t\t<\/div>\n\t\t\t\t<div class=\"elementor-element elementor-element-cf91f73 elementor-widget elementor-widget-spacer\" data-id=\"cf91f73\" data-element_type=\"widget\" data-widget_type=\"spacer.default\">\n\t\t\t\t\t\t\t<div class=\"elementor-spacer\">\n\t\t\t<div class=\"elementor-spacer-inner\"><\/div>\n\t\t<\/div>\n\t\t\t\t\t\t<\/div>\n\t\t\t\t\t<\/div>\n\t\t<\/div>\n\t\t\t\t\t<\/div>\n\t\t<\/section>\n\t\t\t\t<\/div>\n\t\t","protected":false},"excerpt":{"rendered":"<p>Torna-se cada vez mais f\u00e1cil encontrar exemplos incr\u00edveis de projetos de arquitetura paisag\u00edstica sustent\u00e1vel, que se baseiam em jardins mediterr\u00e2nicos. O motivo \u00e9 simples: t\u00eam um caracter ecol\u00f3gico, necessitam de pouca manuten\u00e7\u00e3o e \u00e1gua e d\u00e3o um charme especial \u00e0 constru\u00e7\u00e3o.<\/p>\n","protected":false},"author":8,"featured_media":1880,"comment_status":"closed","ping_status":"open","sticky":false,"template":"","format":"standard","meta":{"site-sidebar-layout":"default","site-content-layout":"plain-container","ast-site-content-layout":"","site-content-style":"default","site-sidebar-style":"default","ast-global-header-display":"","ast-banner-title-visibility":"","ast-main-header-display":"","ast-hfb-above-header-display":"","ast-hfb-below-header-display":"","ast-hfb-mobile-header-display":"","site-post-title":"disabled","ast-breadcrumbs-content":"","ast-featured-img":"disabled","footer-sml-layout":"","theme-transparent-header-meta":"default","adv-header-id-meta":"","stick-header-meta":"","header-above-stick-meta":"","header-main-stick-meta":"","header-below-stick-meta":"","astra-migrate-meta-layouts":"default","ast-page-background-enabled":"default","ast-page-background-meta":{"desktop":{"background-color":"var(--ast-global-color-4)","background-image":"","background-repeat":"repeat","background-position":"center center","background-size":"auto","background-attachment":"scroll","background-type":"","background-media":"","overlay-type":"","overlay-color":"","overlay-gradient":""},"tablet":{"background-color":"","background-image":"","background-repeat":"repeat","background-position":"center center","background-size":"auto","background-attachment":"scroll","background-type":"","background-media":"","overlay-type":"","overlay-color":"","overlay-gradient":""},"mobile":{"background-color":"","background-image":"","background-repeat":"repeat","background-position":"center center","background-size":"auto","background-attachment":"scroll","background-type":"","background-media":"","overlay-type":"","overlay-color":"","overlay-gradient":""}},"ast-content-background-meta":{"desktop":{"background-color":"var(--ast-global-color-5)","background-image":"","background-repeat":"repeat","background-position":"center center","background-size":"auto","background-attachment":"scroll","background-type":"","background-media":"","overlay-type":"","overlay-color":"","overlay-gradient":""},"tablet":{"background-color":"var(--ast-global-color-5)","background-image":"","background-repeat":"repeat","background-position":"center center","background-size":"auto","background-attachment":"scroll","background-type":"","background-media":"","overlay-type":"","overlay-color":"","overlay-gradient":""},"mobile":{"background-color":"var(--ast-global-color-5)","background-image":"","background-repeat":"repeat","background-position":"center center","background-size":"auto","background-attachment":"scroll","background-type":"","background-media":"","overlay-type":"","overlay-color":"","overlay-gradient":""}},"footnotes":""},"categories":[1],"tags":[],"class_list":["post-1856","post","type-post","status-publish","format-standard","has-post-thumbnail","hentry","category-uncategorized"],"_links":{"self":[{"href":"https:\/\/metathesis.pt\/index.php?rest_route=\/wp\/v2\/posts\/1856","targetHints":{"allow":["GET"]}}],"collection":[{"href":"https:\/\/metathesis.pt\/index.php?rest_route=\/wp\/v2\/posts"}],"about":[{"href":"https:\/\/metathesis.pt\/index.php?rest_route=\/wp\/v2\/types\/post"}],"author":[{"embeddable":true,"href":"https:\/\/metathesis.pt\/index.php?rest_route=\/wp\/v2\/users\/8"}],"replies":[{"embeddable":true,"href":"https:\/\/metathesis.pt\/index.php?rest_route=%2Fwp%2Fv2%2Fcomments&post=1856"}],"version-history":[{"count":2,"href":"https:\/\/metathesis.pt\/index.php?rest_route=\/wp\/v2\/posts\/1856\/revisions"}],"predecessor-version":[{"id":4302,"href":"https:\/\/metathesis.pt\/index.php?rest_route=\/wp\/v2\/posts\/1856\/revisions\/4302"}],"wp:featuredmedia":[{"embeddable":true,"href":"https:\/\/metathesis.pt\/index.php?rest_route=\/wp\/v2\/media\/1880"}],"wp:attachment":[{"href":"https:\/\/metathesis.pt\/index.php?rest_route=%2Fwp%2Fv2%2Fmedia&parent=1856"}],"wp:term":[{"taxonomy":"category","embeddable":true,"href":"https:\/\/metathesis.pt\/index.php?rest_route=%2Fwp%2Fv2%2Fcategories&post=1856"},{"taxonomy":"post_tag","embeddable":true,"href":"https:\/\/metathesis.pt\/index.php?rest_route=%2Fwp%2Fv2%2Ftags&post=1856"}],"curies":[{"name":"wp","href":"https:\/\/api.w.org\/{rel}","templated":true}]}}