{"id":4587,"date":"2024-04-29T09:30:29","date_gmt":"2024-04-29T09:30:29","guid":{"rendered":"https:\/\/metathesis.pt\/?p=4587"},"modified":"2024-04-29T11:32:59","modified_gmt":"2024-04-29T11:32:59","slug":"pateo-do-fontinha","status":"publish","type":"post","link":"https:\/\/metathesis.pt\/?p=4587&lang=pt","title":{"rendered":"Explorando o P\u00e1teo do Fontinha: Uma Nova Era de Vida Urbana em Almada"},"content":{"rendered":"\t\t<div data-elementor-type=\"wp-post\" data-elementor-id=\"4587\" class=\"elementor elementor-4587\">\n\t\t\t\t\t\t<section class=\"elementor-section elementor-top-section elementor-element elementor-element-8c3fcff elementor-section-content-middle elementor-section-stretched elementor-section-boxed elementor-section-height-default elementor-section-height-default\" data-id=\"8c3fcff\" data-element_type=\"section\" data-settings=\"{&quot;stretch_section&quot;:&quot;section-stretched&quot;,&quot;background_background&quot;:&quot;classic&quot;}\">\n\t\t\t\t\t\t<div class=\"elementor-container elementor-column-gap-no\">\n\t\t\t\t\t<div class=\"elementor-column elementor-col-100 elementor-top-column elementor-element elementor-element-39faa66\" data-id=\"39faa66\" data-element_type=\"column\">\n\t\t\t<div class=\"elementor-widget-wrap elementor-element-populated\">\n\t\t\t\t\t\t<div class=\"elementor-element elementor-element-5ef8fa5 elementor-widget elementor-widget-heading\" data-id=\"5ef8fa5\" data-element_type=\"widget\" data-widget_type=\"heading.default\">\n\t\t\t\t\t<h1 class=\"elementor-heading-title elementor-size-default\">Projeto<\/h1>\t\t\t\t<\/div>\n\t\t\t\t<div class=\"elementor-element elementor-element-261d9a2 elementor-widget elementor-widget-heading\" data-id=\"261d9a2\" data-element_type=\"widget\" data-widget_type=\"heading.default\">\n\t\t\t\t\t<h2 class=\"elementor-heading-title elementor-size-default\">Explorando o P\u00e1teo do Fontinha: Uma Nova Era de Vida Urbana em Almada <\/h2>\t\t\t\t<\/div>\n\t\t\t\t<div class=\"elementor-element elementor-element-497eccb elementor-widget elementor-widget-text-editor\" data-id=\"497eccb\" data-element_type=\"widget\" data-widget_type=\"text-editor.default\">\n\t\t\t\t\t\t\t\t\t<p><strong>Almada, uma cidade impregnada de hist\u00f3ria e dinamismo, testemunha o ressurgimento de mais uma antiga vila de oper\u00e1rios na antiga zona industrial da Cova da Piedade: o P\u00e1teo do Fontinha. Concebido pela Metathesis com o arquiteto Pedro Carvalho, este projeto imobili\u00e1rio inovador oferece um novo paradigma de habita\u00e7\u00e3o para jovens, fundindo comodidade, estilo e um toque de nostalgia local.<\/strong><\/p>\t\t\t\t\t\t\t\t<\/div>\n\t\t\t\t<div class=\"elementor-element elementor-element-e4f971e elementor-widget elementor-widget-text-editor\" data-id=\"e4f971e\" data-element_type=\"widget\" data-widget_type=\"text-editor.default\">\n\t\t\t\t\t\t\t\t\t<p>29\/04\/2024<\/p>\t\t\t\t\t\t\t\t<\/div>\n\t\t\t\t<div class=\"elementor-element elementor-element-56a07bf elementor-widget elementor-widget-image\" data-id=\"56a07bf\" data-element_type=\"widget\" data-widget_type=\"image.default\">\n\t\t\t\t\t\t\t\t\t\t\t\t\t\t\t<img decoding=\"async\" src=\"https:\/\/metathesis.pt\/wp-content\/uploads\/elementor\/thumbs\/logo-pateo-do-fontinha-qplhxen8xto01p0ls5lygng2mznob77gygbko4be2o.jpg\" title=\"logo-pateo-do-fontinha\" alt=\"logo-pateo-do-fontinha\" loading=\"lazy\" \/>\t\t\t\t\t\t\t\t\t\t\t\t\t\t\t<\/div>\n\t\t\t\t\t<\/div>\n\t\t<\/div>\n\t\t\t\t\t<\/div>\n\t\t<\/section>\n\t\t\t\t<section class=\"elementor-section elementor-top-section elementor-element elementor-element-fe7ae55 elementor-section-content-middle elementor-section-stretched elementor-section-boxed elementor-section-height-default elementor-section-height-default\" data-id=\"fe7ae55\" data-element_type=\"section\" data-settings=\"{&quot;stretch_section&quot;:&quot;section-stretched&quot;,&quot;background_background&quot;:&quot;classic&quot;}\">\n\t\t\t\t\t\t<div class=\"elementor-container elementor-column-gap-no\">\n\t\t\t\t\t<div class=\"elementor-column elementor-col-100 elementor-top-column elementor-element elementor-element-b6762ad\" data-id=\"b6762ad\" data-element_type=\"column\">\n\t\t\t<div class=\"elementor-widget-wrap elementor-element-populated\">\n\t\t\t\t\t\t<div class=\"elementor-element elementor-element-72c4b7c elementor-widget elementor-widget-heading\" data-id=\"72c4b7c\" data-element_type=\"widget\" data-widget_type=\"heading.default\">\n\t\t\t\t\t<h3 class=\"elementor-heading-title elementor-size-default\">Vamos explorar como o P\u00e1teo do Fontinha vai redefinir a vida urbana na Cova da Piedade em Almada<\/h3>\t\t\t\t<\/div>\n\t\t\t\t\t<\/div>\n\t\t<\/div>\n\t\t\t\t\t<\/div>\n\t\t<\/section>\n\t\t\t\t<section class=\"elementor-section elementor-top-section elementor-element elementor-element-55d98b1 elementor-section-stretched elementor-section-boxed elementor-section-height-default elementor-section-height-default\" data-id=\"55d98b1\" data-element_type=\"section\" data-settings=\"{&quot;stretch_section&quot;:&quot;section-stretched&quot;,&quot;background_background&quot;:&quot;classic&quot;}\">\n\t\t\t\t\t\t<div class=\"elementor-container elementor-column-gap-default\">\n\t\t\t\t\t<div class=\"elementor-column elementor-col-100 elementor-top-column elementor-element elementor-element-9c9f68e\" data-id=\"9c9f68e\" data-element_type=\"column\">\n\t\t\t<div class=\"elementor-widget-wrap elementor-element-populated\">\n\t\t\t\t\t\t<div class=\"elementor-element elementor-element-0b98f68 elementor-widget elementor-widget-heading\" data-id=\"0b98f68\" data-element_type=\"widget\" data-widget_type=\"heading.default\">\n\t\t\t\t\t<h3 class=\"elementor-heading-title elementor-size-default\">Renova\u00e7\u00e3o e Revisitar a Hist\u00f3ria<\/h3>\t\t\t\t<\/div>\n\t\t\t\t<section class=\"elementor-section elementor-inner-section elementor-element elementor-element-cf78308 elementor-section-boxed elementor-section-height-default elementor-section-height-default\" data-id=\"cf78308\" data-element_type=\"section\">\n\t\t\t\t\t\t<div class=\"elementor-container elementor-column-gap-default\">\n\t\t\t\t\t<div class=\"elementor-column elementor-col-50 elementor-inner-column elementor-element elementor-element-12005d7\" data-id=\"12005d7\" data-element_type=\"column\">\n\t\t\t<div class=\"elementor-widget-wrap elementor-element-populated\">\n\t\t\t\t\t\t<div class=\"elementor-element elementor-element-298745e elementor-widget elementor-widget-text-editor\" data-id=\"298745e\" data-element_type=\"widget\" data-widget_type=\"text-editor.default\">\n\t\t\t\t\t\t\t\t\t<p>O P\u00e1teo do Fontinha surge como um farol de renova\u00e7\u00e3o urbana, preservando a rica heran\u00e7a industrial da regi\u00e3o. O nome do P\u00e1teo foi inspirado no antigo propriet\u00e1rio, <a href=\"https:\/\/www.instagram.com\/p\/C2PbQ5pt-Gg\/?img_index=1\" target=\"_blank\" rel=\"noopener\">Sr. Fontinha<\/a>.<\/p><p>A Metathesis desafiou o arquiteto Pedro Carvalho a abra\u00e7ar o desafio de revitalizar este espa\u00e7o hist\u00f3rico, dando vida a um conceito que vai al\u00e9m das suas paredes. Cada miniloft do P\u00e1teo do Fontinha homenageia uma fonte Portuguesa, conectando os moradores com a hist\u00f3ria e identidade \u00fanicas desta \u00e1rea de Almada, recuperando uma antiqu\u00edssima tradi\u00e7\u00e3o das fontes da cidade que eram uma important\u00edssima forma de abastecimento de \u00e1gua para as popula\u00e7\u00f5es.<\/p>\t\t\t\t\t\t\t\t<\/div>\n\t\t\t\t\t<\/div>\n\t\t<\/div>\n\t\t\t\t<div class=\"elementor-column elementor-col-50 elementor-inner-column elementor-element elementor-element-549878d\" data-id=\"549878d\" data-element_type=\"column\">\n\t\t\t<div class=\"elementor-widget-wrap elementor-element-populated\">\n\t\t\t\t\t\t<div class=\"elementor-element elementor-element-843af43 elementor-widget elementor-widget-image\" data-id=\"843af43\" data-element_type=\"widget\" data-widget_type=\"image.default\">\n\t\t\t\t\t\t\t\t\t\t\t\t\t\t\t\t<a href=\"https:\/\/www.instagram.com\/p\/C2PbQ5pt-Gg\/?img_index=1\" target=\"_blank\">\n\t\t\t\t\t\t\t<img decoding=\"async\" src=\"https:\/\/metathesis.pt\/wp-content\/uploads\/2024\/04\/Sr-Fontinha-1.jpg\" title=\"Sr-Fontinha\" alt=\"Sr-Fontinha\" loading=\"lazy\" \/>\t\t\t\t\t\t\t\t<\/a>\n\t\t\t\t\t\t\t\t\t\t\t\t\t\t\t<\/div>\n\t\t\t\t\t<\/div>\n\t\t<\/div>\n\t\t\t\t\t<\/div>\n\t\t<\/section>\n\t\t\t\t\t<\/div>\n\t\t<\/div>\n\t\t\t\t\t<\/div>\n\t\t<\/section>\n\t\t\t\t<section class=\"elementor-section elementor-top-section elementor-element elementor-element-a1b1c6f elementor-section-content-middle elementor-section-stretched elementor-section-boxed elementor-section-height-default elementor-section-height-default\" data-id=\"a1b1c6f\" data-element_type=\"section\" data-settings=\"{&quot;stretch_section&quot;:&quot;section-stretched&quot;,&quot;background_background&quot;:&quot;classic&quot;}\">\n\t\t\t\t\t\t<div class=\"elementor-container elementor-column-gap-no\">\n\t\t\t\t\t<div class=\"elementor-column elementor-col-100 elementor-top-column elementor-element elementor-element-6a80da3\" data-id=\"6a80da3\" data-element_type=\"column\">\n\t\t\t<div class=\"elementor-widget-wrap elementor-element-populated\">\n\t\t\t\t\t\t<div class=\"elementor-element elementor-element-62b58b5 elementor-widget elementor-widget-heading\" data-id=\"62b58b5\" data-element_type=\"widget\" data-widget_type=\"heading.default\">\n\t\t\t\t\t<h3 class=\"elementor-heading-title elementor-size-default\">Inova\u00e7\u00e3o e Inclus\u00e3o Total<\/h3>\t\t\t\t<\/div>\n\t\t\t\t<div class=\"elementor-element elementor-element-bb4216b elementor-widget elementor-widget-text-editor\" data-id=\"bb4216b\" data-element_type=\"widget\" data-widget_type=\"text-editor.default\">\n\t\t\t\t\t\t\t\t\t<p>O arquiteto Pedro Carvalho trouxe uma vis\u00e3o hist\u00f3rica para o projeto P\u00e1teo do Fontinha, reconhecendo a import\u00e2ncia de oferecer um lar acess\u00edvel e acolhedor para jovens estudantes e profissionais na sua primeira experi\u00eancia de vida a s\u00f3s ou a dois. Para garantir o conforto e conveni\u00eancia dos futuros residentes, a Metathesis adicionou o conceito de &#8220;tudo inclu\u00eddo&#8221; que vai al\u00e9m do b\u00e1sico. No valor do arrendamento dos Lofts do P\u00e1teo do Fontinha n\u00e3o est\u00e3o apenas inclu\u00eddas as despesas de \u00e1gua, luz, e internet, mas tamb\u00e9m inclui uma limpeza semanal.<\/p>\t\t\t\t\t\t\t\t<\/div>\n\t\t\t\t\t<\/div>\n\t\t<\/div>\n\t\t\t\t\t<\/div>\n\t\t<\/section>\n\t\t\t\t<section class=\"elementor-section elementor-top-section elementor-element elementor-element-7a864f2 elementor-section-stretched elementor-section-boxed elementor-section-height-default elementor-section-height-default\" data-id=\"7a864f2\" data-element_type=\"section\" data-settings=\"{&quot;stretch_section&quot;:&quot;section-stretched&quot;,&quot;background_background&quot;:&quot;classic&quot;}\">\n\t\t\t\t\t\t<div class=\"elementor-container elementor-column-gap-default\">\n\t\t\t\t\t<div class=\"elementor-column elementor-col-100 elementor-top-column elementor-element elementor-element-2dd1020\" data-id=\"2dd1020\" data-element_type=\"column\">\n\t\t\t<div class=\"elementor-widget-wrap elementor-element-populated\">\n\t\t\t\t\t\t<div class=\"elementor-element elementor-element-f751bd0 elementor-widget elementor-widget-heading\" data-id=\"f751bd0\" data-element_type=\"widget\" data-widget_type=\"heading.default\">\n\t\t\t\t\t<h3 class=\"elementor-heading-title elementor-size-default\">Comunidade Vibrante e Espa\u00e7os Sociais<\/h3>\t\t\t\t<\/div>\n\t\t\t\t<div class=\"elementor-element elementor-element-2ef8930 elementor-widget elementor-widget-text-editor\" data-id=\"2ef8930\" data-element_type=\"widget\" data-widget_type=\"text-editor.default\">\n\t\t\t\t\t\t\t\t\t<p>Al\u00e9m de sua habilidade em criar espa\u00e7os funcionais e esteticamente agrad\u00e1veis, Pedro Carvalho valoriza a import\u00e2ncia da comunidade na vida urbana. Os espa\u00e7os comuns do P\u00e1teo do Fontinha foram cuidadosamente projetados para promover a intera\u00e7\u00e3o e o conv\u00edvio entre os residentes.<\/p>\t\t\t\t\t\t\t\t<\/div>\n\t\t\t\t\t<\/div>\n\t\t<\/div>\n\t\t\t\t\t<\/div>\n\t\t<\/section>\n\t\t\t\t<section class=\"elementor-section elementor-top-section elementor-element elementor-element-d8f360d elementor-section-content-middle elementor-section-stretched elementor-section-boxed elementor-section-height-default elementor-section-height-default\" data-id=\"d8f360d\" data-element_type=\"section\" data-settings=\"{&quot;stretch_section&quot;:&quot;section-stretched&quot;,&quot;background_background&quot;:&quot;classic&quot;}\">\n\t\t\t\t\t\t<div class=\"elementor-container elementor-column-gap-no\">\n\t\t\t\t\t<div class=\"elementor-column elementor-col-100 elementor-top-column elementor-element elementor-element-f1ea490\" data-id=\"f1ea490\" data-element_type=\"column\">\n\t\t\t<div class=\"elementor-widget-wrap elementor-element-populated\">\n\t\t\t\t\t\t<div class=\"elementor-element elementor-element-0d69244 elementor-widget elementor-widget-heading\" data-id=\"0d69244\" data-element_type=\"widget\" data-widget_type=\"heading.default\">\n\t\t\t\t\t<h3 class=\"elementor-heading-title elementor-size-default\">Localiza\u00e7\u00e3o Estrat\u00e9gica e Conveni\u00eancia<\/h3>\t\t\t\t<\/div>\n\t\t\t\t<div class=\"elementor-element elementor-element-3779b6d elementor-widget elementor-widget-text-editor\" data-id=\"3779b6d\" data-element_type=\"widget\" data-widget_type=\"text-editor.default\">\n\t\t\t\t\t\t\t\t\t<p>A vis\u00e3o da Metathesis para o P\u00e1teo do Fontinha n\u00e3o estaria completa sem uma localiza\u00e7\u00e3o estrat\u00e9gica que oferecesse conveni\u00eancia aos seus residentes. Situado perto de transportes p\u00fablicos e de todas as comodidades locais, o P\u00e1teo proporciona f\u00e1cil acesso a uma variedade de lojas, restaurantes e servi\u00e7os.<\/p><p>Esta proximidade com o cora\u00e7\u00e3o de Almada torna este edif\u00edcio um ponto de refer\u00eancia n\u00e3o apenas em termos de design, mas tamb\u00e9m em termos de praticidade e acessibilidade.<\/p>\t\t\t\t\t\t\t\t<\/div>\n\t\t\t\t\t<\/div>\n\t\t<\/div>\n\t\t\t\t\t<\/div>\n\t\t<\/section>\n\t\t\t\t<section class=\"elementor-section elementor-top-section elementor-element elementor-element-60d794a elementor-section-stretched elementor-section-boxed elementor-section-height-default elementor-section-height-default\" data-id=\"60d794a\" data-element_type=\"section\" data-settings=\"{&quot;stretch_section&quot;:&quot;section-stretched&quot;,&quot;background_background&quot;:&quot;classic&quot;}\">\n\t\t\t\t\t\t<div class=\"elementor-container elementor-column-gap-default\">\n\t\t\t\t\t<div class=\"elementor-column elementor-col-100 elementor-top-column elementor-element elementor-element-8369117\" data-id=\"8369117\" data-element_type=\"column\">\n\t\t\t<div class=\"elementor-widget-wrap elementor-element-populated\">\n\t\t\t\t\t\t<div class=\"elementor-element elementor-element-713612e elementor-widget elementor-widget-text-editor\" data-id=\"713612e\" data-element_type=\"widget\" data-widget_type=\"text-editor.default\">\n\t\t\t\t\t\t\t\t\t<p>O P\u00e1teo do Fontinha \u00e9 o resultado da vis\u00e3o ousada e inovadora da Metathesis e de Pedro Carvalho, um arquiteto comprometido em criar espa\u00e7os que n\u00e3o apenas refletem a hist\u00f3ria e identidade de uma comunidade, mas tamb\u00e9m oferecem uma experi\u00eancia de vida verdadeiramente enriquecedora.<\/p><p>Se \u00e9 um jovem e est\u00e1 \u00e0 procura de um local para viver em Almada, onde o passado se funde harmoniosamente com o presente, ent\u00e3o o P\u00e1teo do Fontinha \u00e9 o seu destino ideal. Venha explorar este novo \u00edcone na antiga zona industrial da Cova da Piedade e descubra como a Metathesis contribui para a melhoria da cidade de Almada.<\/p><p>Conhe\u00e7a tamb\u00e9m o projeto <a href=\"https:\/\/metathesis.pt\/pt\/pateo-das-maias\/\" target=\"_blank\" rel=\"noopener\">P\u00e1teo das Maias<\/a>.<\/p>\t\t\t\t\t\t\t\t<\/div>\n\t\t\t\t\t<\/div>\n\t\t<\/div>\n\t\t\t\t\t<\/div>\n\t\t<\/section>\n\t\t\t\t<\/div>\n\t\t","protected":false},"excerpt":{"rendered":"<p>Almada, uma cidade impregnada de hist\u00f3ria e dinamismo, testemunha o ressurgimento de mais uma antiga vila de oper\u00e1rios na antiga zona industrial da Cova da Piedade: o P\u00e1teo do Fontinha. Concebido pela Metathesis com o arquiteto Pedro Carvalho, este projeto imobili\u00e1rio inovador oferece um novo paradigma de habita\u00e7\u00e3o para jovens, fundindo comodidade, estilo e um toque de nostalgia local.<\/p>\n","protected":false},"author":8,"featured_media":4618,"comment_status":"closed","ping_status":"open","sticky":false,"template":"","format":"standard","meta":{"site-sidebar-layout":"default","site-content-layout":"plain-container","ast-site-content-layout":"normal-width-container","site-content-style":"unboxed","site-sidebar-style":"unboxed","ast-global-header-display":"","ast-banner-title-visibility":"","ast-main-header-display":"","ast-hfb-above-header-display":"","ast-hfb-below-header-display":"","ast-hfb-mobile-header-display":"","site-post-title":"disabled","ast-breadcrumbs-content":"","ast-featured-img":"disabled","footer-sml-layout":"","theme-transparent-header-meta":"default","adv-header-id-meta":"","stick-header-meta":"","header-above-stick-meta":"","header-main-stick-meta":"","header-below-stick-meta":"","astra-migrate-meta-layouts":"set","ast-page-background-enabled":"default","ast-page-background-meta":{"desktop":{"background-color":"var(--ast-global-color-4)","background-image":"","background-repeat":"repeat","background-position":"center center","background-size":"auto","background-attachment":"scroll","background-type":"","background-media":"","overlay-type":"","overlay-color":"","overlay-gradient":""},"tablet":{"background-color":"","background-image":"","background-repeat":"repeat","background-position":"center center","background-size":"auto","background-attachment":"scroll","background-type":"","background-media":"","overlay-type":"","overlay-color":"","overlay-gradient":""},"mobile":{"background-color":"","background-image":"","background-repeat":"repeat","background-position":"center center","background-size":"auto","background-attachment":"scroll","background-type":"","background-media":"","overlay-type":"","overlay-color":"","overlay-gradient":""}},"ast-content-background-meta":{"desktop":{"background-color":"var(--ast-global-color-5)","background-image":"","background-repeat":"repeat","background-position":"center center","background-size":"auto","background-attachment":"scroll","background-type":"","background-media":"","overlay-type":"","overlay-color":"","overlay-gradient":""},"tablet":{"background-color":"var(--ast-global-color-5)","background-image":"","background-repeat":"repeat","background-position":"center center","background-size":"auto","background-attachment":"scroll","background-type":"","background-media":"","overlay-type":"","overlay-color":"","overlay-gradient":""},"mobile":{"background-color":"var(--ast-global-color-5)","background-image":"","background-repeat":"repeat","background-position":"center center","background-size":"auto","background-attachment":"scroll","background-type":"","background-media":"","overlay-type":"","overlay-color":"","overlay-gradient":""}},"footnotes":""},"categories":[1],"tags":[26,199,31,203,205,165,201],"class_list":["post-4587","post","type-post","status-publish","format-standard","has-post-thumbnail","hentry","category-uncategorized","tag-almada","tag-explorando-o-pateo-do-fontinha","tag-metathesis","tag-pateo-pt","tag-pateo-do-fontinha-pt","tag-promotor-imobiliario","tag-vida-urbana"],"_links":{"self":[{"href":"https:\/\/metathesis.pt\/index.php?rest_route=\/wp\/v2\/posts\/4587","targetHints":{"allow":["GET"]}}],"collection":[{"href":"https:\/\/metathesis.pt\/index.php?rest_route=\/wp\/v2\/posts"}],"about":[{"href":"https:\/\/metathesis.pt\/index.php?rest_route=\/wp\/v2\/types\/post"}],"author":[{"embeddable":true,"href":"https:\/\/metathesis.pt\/index.php?rest_route=\/wp\/v2\/users\/8"}],"replies":[{"embeddable":true,"href":"https:\/\/metathesis.pt\/index.php?rest_route=%2Fwp%2Fv2%2Fcomments&post=4587"}],"version-history":[{"count":20,"href":"https:\/\/metathesis.pt\/index.php?rest_route=\/wp\/v2\/posts\/4587\/revisions"}],"predecessor-version":[{"id":4628,"href":"https:\/\/metathesis.pt\/index.php?rest_route=\/wp\/v2\/posts\/4587\/revisions\/4628"}],"wp:featuredmedia":[{"embeddable":true,"href":"https:\/\/metathesis.pt\/index.php?rest_route=\/wp\/v2\/media\/4618"}],"wp:attachment":[{"href":"https:\/\/metathesis.pt\/index.php?rest_route=%2Fwp%2Fv2%2Fmedia&parent=4587"}],"wp:term":[{"taxonomy":"category","embeddable":true,"href":"https:\/\/metathesis.pt\/index.php?rest_route=%2Fwp%2Fv2%2Fcategories&post=4587"},{"taxonomy":"post_tag","embeddable":true,"href":"https:\/\/metathesis.pt\/index.php?rest_route=%2Fwp%2Fv2%2Ftags&post=4587"}],"curies":[{"name":"wp","href":"https:\/\/api.w.org\/{rel}","templated":true}]}}